{"id":74297,"date":"2023-11-22T09:00:00","date_gmt":"2023-11-22T14:00:00","guid":{"rendered":"https:\/\/www.assent.com\/senza-categoria\/understanding-esg-sustainability-the-big-picture\/"},"modified":"2024-08-21T17:13:38","modified_gmt":"2024-08-21T21:13:38","slug":"comprendere-lesg-e-la-sostenibilita-il-quadro-generale","status":"publish","type":"post","link":"https:\/\/www.assent.com\/it\/blog\/comprendere-lesg-e-la-sostenibilita-il-quadro-generale\/","title":{"rendered":"Comprendere l\u2019ESG e la sostenibilit\u00e0: il quadro generale"},"content":{"rendered":"\n<div class=\"wp-block-columns is-layout-flex wp-container-core-columns-is-layout-9d6595d7 wp-block-columns-is-layout-flex\">\n<div class=\"wp-block-column is-layout-flow wp-block-column-is-layout-flow\" style=\"flex-basis:66.66%\">\r\n<!-- WYSIWYG -->\r\n        <section class=\"wysiwyg-section\">\r\n            <div class=\"container\"><p>Quando rifletto sul panorama attuale della sostenibilit\u00e0, l\u2019ESG \u00e8 sempre al centro della conversazione. Nel corso degli anni sono stati presentati una variet\u00e0 di termini e filosofie per descrivere le questioni legate alla sostenibilit\u00e0 e gli impatti sulle aziende, e abbiamo visto vari concetti tornare di moda e poi diventare irrilevanti. Attualmente, il termine ESG sta vivendo il suo momento di gloria. E anche se abbiamo assistito a un\u2019enorme crescita nell\u2019adozione da parte dei mercati, il termine in s\u00e9 non \u00e8 esente da controversie.<\/p>\n<p>Alla luce dell\u2019attuale situazione politica, alcuni esponenti stanno sfidando mettendo in dubbio la validit\u00e0 del concetto di ESG, etichettandolo come un termine di facciata per determinate ideologie. Poich\u00e9 il movimento per la sostenibilit\u00e0 sta ricevendo cos\u00ec tanta attenzione nelle discussioni pubbliche, \u00e8 fondamentale concordare su una definizione chiara del termine al di fuori della confusa retorica politica. In questo modo, si potr\u00e0 stabilire un chiaro percorso da seguire e non perdere di vista gli obiettivi da realizzare.<\/p>\n<p>Facciamo quindi un passo indietro e analizziamo il quadro generale. Nel contesto di questa discussione, quando usiamo la parola \u201csostenibilit\u00e0\u201d, la riduciamo alla definizione pi\u00f9 semplice possibile in riferimento alle aziende manifatturiere moderne. In questo contesto, la sostenibilit\u00e0 si riferisce alla resilienza di un\u2019organizzazione al cambiamento o alle interruzioni e alla sua capacit\u00e0 di continuare a eseguire le proprie attivit\u00e0 e di operare indefinitamente. Per raggiungere questo obiettivo, le aziende devono comprendere e affrontare eventuali problemi che potrebbero interferire con le proprie operazioni a lungo termine.<\/p>\n<p>Sebbene la maggior parte delle aziende abbia una buona conoscenza degli aspetti economici essenziali, come il flusso di cassa, i costi dei materiali e della manodopera ecc., questi non rappresentano il quadro completo della situazione. Generare profitti non garantisce il successo eterno di un\u2019impresa. Esistono un gran numero di fattori ambientali e sociali che sono stati tradizionalmente difficili da quantificare finanziariamente, ma che ora stanno iniziando a ricevere l\u2019attenzione che meritano.<\/p>\n<p>Da questo punto di vista distinguiamo tra prezzo e costo. Certo, sappiamo quanto costa produrre un articolo, ma conosciamo i costi ambientali e sociali meno visibili? Come si attribuisce valore alle conseguenze sanitarie a lungo termine per una comunit\u00e0 esposta a sostanze chimiche dannose? O alle opportunit\u00e0 perdute quando i minori sono costretti a rinunciare all\u2019istruzione per dover lavorare? Tutti questi concetti vengono definiti \u201cesternalit\u00e0\u201d e rappresentano la logica alla base dell\u2019intero approccio \u201cpersone, profitto, pianeta\u201d, spesso definito \u201ctriple bottom line\u201d.<\/p>\n<p>Il dibattito globale \u00e8 cambiato enormemente ed esiste un consenso crescente sul fatto che questi costi esterni non possono essere ignorati. Se non verranno presi in considerazione, ci saranno conseguenze profonde a livello mondiale. Questo riconoscimento globale traspare in iniziative come il Global Compact delle Nazioni Unite, le Convenzioni dell\u2019Organizzazione Internazionale del Lavoro e l\u2019emergere di molte altre forme di impegni e quadri legati alla sostenibilit\u00e0. Stiamo assistendo sempre pi\u00f9 spesso alla creazione di driver normativi e misure legali, come l\u2019Uyghur Forced Labor Prevention Act e la <a href=\"https:\/\/www.assent.com\/it\/soluzioni\/conformita-del-prodotto\/direttiva-rohs-dellue\/\">Direttiva RoHS dell\u2019UE<\/a> che affrontano alcune di queste questioni specifiche.<\/p>\n<p>Tuttavia, la questione pi\u00f9 scottante continua ad essere: come possiamo ridefinire il successo negli affari, andando oltre i semplici guadagni trimestrali? E in questa ridefinizione del successo, come possiamo stabilire i flussi di lavoro giusti per comprendere, gestire e mitigare i rischi per permettere a un\u2019azienda di operare a tempo indeterminato?<\/p>\n<hr \/>\n<p>Vuoi promuovere la sostenibilit\u00e0 nell\u2019intera supply chain? Consulta il <a href=\"https:\/\/www.assent.com\/it\/risorse\/guida\/conformita-dei-prodotti-le-basi-per-la-sostenibilita-della-supply-chain\/\"><em>Manuale sulla sostenibilit\u00e0 della supply chain<\/em><\/a> per iniziare il percorso verso la sostenibilit\u00e0 profonda della supply chain.<\/p>\n<hr \/>\n<h2><strong>Definire l\u2019ESG: il ponte verso la sostenibilit\u00e0<\/strong><\/h2>\n<p>In questo frangente, analizzeremo in dettaglio il concetto di ESG. Per chi non \u00e8 esperto in materia, la sigla ESG si riferisce all\u2019uso di criteri ambientali, sociali e di governance (Environmental, Social, and Governance) per valutare l\u2019impatto di un\u2019azienda. Inizialmente coniato dal settore finanziario, il termine ESG \u00e8 ora un punto di riferimento per gli investitori che selezionano i propri potenziali investimenti. Le aziende che eccellono in termini di ESG sono considerate una scommessa pi\u00f9 sicura nel lungo periodo.<\/p>\n<p>I fattori di ESG fanno luce su aree che le aziende hanno spesso trascurato e che hanno faticato a quantificare in termini di rischi e impatto. \u00c8 incoraggiante vedere le autorit\u00e0 normative, gli investitori e i consumatori dare peso ai fattori ESG come metodo unificato per quantificare la performance e stabilire degli standard. Esiste un detto a cui sono affezionato: \u201cSi pu\u00f2 gestire solo ci\u00f2 che viene quantificato\u201d. L\u2019ESG \u00e8 la nostra migliore possibilit\u00e0 per quantificare queste insidie \u200b\u200bnon finanziarie, per garantire che siano prese in considerazione nei calcoli aziendali.<\/p>\n<p>La conclusione? Nonostante tutto la confusione e le controversie che circondano il termine, l\u2019ESG non \u00e8 solo uno slogan di tendenza. \u00c8 un kit di strumenti, una lente attraverso la quale si possono valutare e gestire i rischi non finanziari delle operazioni e della supply chain di un\u2019azienda. Se eliminassimo la confusione e analizzassimo il quadro generale dell\u2019intento alla base dell\u2019ESG, questo approccio olistico permette di applicare una lente pi\u00f9 ampia per misurare la fattibilit\u00e0 e il successo a lungo termine di un\u2019impresa, gestendo i rischi in modo appropriato e rimanendo in sintonia con l\u2019evoluzione degli obblighi degli stakeholder.<\/p>\n<h2><strong>Navigare nell\u2019intersezione tra sostenibilit\u00e0 ed ESG<\/strong><\/h2>\n<p>Non perdiamo di vista il quadro generale. Se la sostenibilit\u00e0 rappresenta il \u201cperch\u00e9\u201d, allora l\u2019ESG \u00e8 il \u201ccome\u201d. Per rendere le operazioni della tua azienda a prova di futuro, \u00e8 necessario guardare oltre i semplici parametri finanziari.<\/p>\n<p>Da Assent siamo impegnati a sostenere la sostenibilit\u00e0 profonda della supply chain. Lo scopo non \u00e8 tenere il passo con gli ultimi slogan alla moda, ma rendere la tua attivit\u00e0 a prova di futuro.<\/p>\n<p>Per scoprire come Assent pu\u00f2 supportare il percorso verso la sostenibilit\u00e0 della tua azienda, contattaci all\u2019indirizzo info@assent.com.<\/p>\n<p>Devin O\u2019Herron<\/p>\n<p>Esperto in normative e sostenibilit\u00e0, ESG e approvvigionamento responsabile<\/p>\n<p>Devin \u00e8 un esperto in materia, specializzato sui temi della sostenibilit\u00e0 della supply chain e dell\u2019approvvigionamento responsabile. In qualit\u00e0 di membro del team normativo di Assent, Devin offre ad Assent e ai suoi clienti dieci anni <a href=\"https:\/\/www.assent.com\/it\/funzionalita\/competenza\/devin-oherron\/\">Leggi di pi\u00f9<\/a><\/p>\n<\/div>    \r\n        <\/section>\n\n<div class=\"about-the-author\"><div class=\"container-sm\"><div class=\"author-box\">\n                <div class=\"headshot-and-name\"><figure><img decoding=\"async\" src=\"https:\/\/www.assent.com\/wp-content\/uploads\/2025\/03\/B0A3727.webp\" alt=\"Devin O\u2019Herron\"\/><\/figure><div class=\"author-name\">Devin O\u2019Herron<\/div><div class=\"author-title\">Esperto di normative e sostenibilit\u00e0, ESG e approvvigionamento responsabile<\/div><\/div><div class=\"author-desc\"><p>Devin \u00e8 un esperto in materia, specializzato sui temi della sostenibilit\u00e0 della supply chain e dell\u2019approvvigionamento responsabile. In qualit\u00e0 di membro del team normativo di Assent, Devin offre&nbsp; <a href=\"https:\/\/www.assent.com\/it\/funzionalita\/competenza\/devin-oherron\/\" class=\"btn-link\">Leggi di pi\u00f9<\/a><\/div><\/div><\/div>\n    <\/div><\/div>\n\n\n\n<div class=\"wp-block-column is-layout-flow wp-block-column-is-layout-flow\" style=\"flex-basis:33.33%\"><div class=\"pdw-sidebar\"><div class=\"pdw-related\"><div class=\"post-card-other-links\"><h6 class=\"h6\"><a href=\"https:\/\/www.assent.com\/it\/blog\/cosa-sapere-prima-dellacquisto-5-domande-per-i-fornitori-di-software-per-la-supply-chain\/\">Cosa sapere prima dell\u2019acquisto: 5\u00a0domande per i fornitori di software per la supply chain<\/a><\/h6><h6 class=\"h6\"><a href=\"https:\/\/www.assent.com\/it\/blog\/come-lepr-sta-trasformando-la-conformita-dei-prodotti-per-i-produttori-statunitensi\/\">Come l\u2019EPR sta trasformando la conformit\u00e0 dei prodotti per i produttori statunitensi<\/a><\/h6><h6 class=\"h6\"><a href=\"https:\/\/www.assent.com\/it\/blog\/che-cose-la-responsabilita-estesa-del-produttore-epr\/\">Che cos\u2019\u00e8 la responsabilit\u00e0 estesa del produttore (EPR)?<\/a><\/h6><h6 class=\"h6\"><a href=\"https:\/\/www.assent.com\/it\/blog\/sono-in-arrivo-grandi-cambiamenti-nei-modelli-di-rendicontazione-dei-minerali\/\">\u00c8 il momento di prepararsi: sono in arrivo grandi cambiamenti nei modelli di rendicontazione dei minerali<\/a><\/h6><h6 class=\"h6\"><a href=\"https:\/\/www.assent.com\/it\/blog\/no-la-sostenibilita-della-supply-chain-non-e-destinata-a-scomparire\/\">No, la sostenibilit\u00e0 della supply chain non \u00e8 destinata a scomparire.<\/a><\/h6><\/div><\/div><\/div><\/div>\n<\/div>\n\n\n\n<div style=\"height:100px\" aria-hidden=\"true\" class=\"wp-block-spacer\"><\/div>\n","protected":false},"excerpt":{"rendered":"<p>Quando rifletto sul panorama attuale della sostenibilit\u00e0, l\u2019ESG \u00e8 sempre al centro della conversazione.<\/p>\n","protected":false},"author":21,"featured_media":22524,"comment_status":"closed","ping_status":"closed","sticky":false,"template":"","format":"standard","meta":{"_acf_changed":false,"footnotes":"","_links_to":"","_links_to_target":""},"categories":[244],"tags":[295,353,401,374],"class_list":["post-74297","post","type-post","status-publish","format-standard","has-post-thumbnail","hentry","category-blog-it","tag-esg-it","tag-supply-chain-sustainability-it","tag-sostenibilita-della-supply-chain-2","tag-sustainability-it"],"acf":[],"yoast_head":"<!-- This site is optimized with the Yoast SEO Premium plugin v26.6 (Yoast SEO v27.0) - https:\/\/yoast.com\/product\/yoast-seo-premium-wordpress\/ -->\n<title>Comprendere l\u2019ESG e la sostenibilit\u00e0: il quadro generale | Assent<\/title>\n<meta name=\"description\" content=\"Quando rifletto sul panorama attuale della sostenibilit\u00e0, l\u2019ESG \u00e8 sempre al centro della conversazione.\" \/>\n<meta name=\"robots\" content=\"index, follow, max-snippet:-1, max-image-preview:large, max-video-preview:-1\" \/>\n<link rel=\"canonical\" href=\"https:\/\/www.assent.com\/it\/blog\/comprendere-lesg-e-la-sostenibilita-il-quadro-generale\/\" \/>\n<meta property=\"og:locale\" content=\"it_IT\" \/>\n<meta property=\"og:type\" content=\"article\" \/>\n<meta property=\"og:title\" content=\"Comprendere l\u2019ESG e la sostenibilit\u00e0: il quadro generale\" \/>\n<meta property=\"og:description\" content=\"Quando rifletto sul panorama attuale della sostenibilit\u00e0, l\u2019ESG \u00e8 sempre al centro della conversazione.\" \/>\n<meta property=\"og:url\" content=\"https:\/\/www.assent.com\/it\/blog\/comprendere-lesg-e-la-sostenibilita-il-quadro-generale\/\" \/>\n<meta property=\"og:site_name\" content=\"Assent\" \/>\n<meta property=\"article:publisher\" content=\"https:\/\/www.facebook.com\/AssentCompliance\/\" \/>\n<meta property=\"article:published_time\" content=\"2023-11-22T14:00:00+00:00\" \/>\n<meta property=\"article:modified_time\" content=\"2024-08-21T21:13:38+00:00\" \/>\n<meta property=\"og:image\" content=\"https:\/\/www.assent.com\/wp-content\/uploads\/2022\/02\/Blog-Image-2022-Predictions.jpg\" \/>\n\t<meta property=\"og:image:width\" content=\"924\" \/>\n\t<meta property=\"og:image:height\" content=\"628\" \/>\n\t<meta property=\"og:image:type\" content=\"image\/jpeg\" \/>\n<meta name=\"author\" content=\"Assent\" \/>\n<meta name=\"twitter:card\" content=\"summary_large_image\" \/>\n<meta name=\"twitter:creator\" content=\"@AssentGlobal\" \/>\n<meta name=\"twitter:site\" content=\"@AssentGlobal\" \/>\n<script type=\"application\/ld+json\" class=\"yoast-schema-graph\">{\"@context\":\"https:\/\/schema.org\",\"@graph\":[{\"@type\":\"Article\",\"@id\":\"https:\/\/www.assent.com\/it\/blog\/comprendere-lesg-e-la-sostenibilita-il-quadro-generale\/#article\",\"isPartOf\":{\"@id\":\"https:\/\/www.assent.com\/it\/blog\/comprendere-lesg-e-la-sostenibilita-il-quadro-generale\/\"},\"author\":{\"name\":\"Assent\",\"@id\":\"https:\/\/www.assent.com\/it\/#\/schema\/person\/bcfd0a93ef59f2e7586b83ac60fcb8cd\"},\"headline\":\"Comprendere l\u2019ESG e la sostenibilit\u00e0: il quadro generale\",\"datePublished\":\"2023-11-22T14:00:00+00:00\",\"dateModified\":\"2024-08-21T21:13:38+00:00\",\"mainEntityOfPage\":{\"@id\":\"https:\/\/www.assent.com\/it\/blog\/comprendere-lesg-e-la-sostenibilita-il-quadro-generale\/\"},\"wordCount\":9,\"publisher\":{\"@id\":\"https:\/\/www.assent.com\/it\/#organization\"},\"image\":{\"@id\":\"https:\/\/www.assent.com\/it\/blog\/comprendere-lesg-e-la-sostenibilita-il-quadro-generale\/#primaryimage\"},\"thumbnailUrl\":\"https:\/\/www.assent.com\/wp-content\/uploads\/2022\/02\/Blog-Image-2022-Predictions.jpg\",\"keywords\":[\"ESG\",\"Sostenibilit\u00e0 della Catena di Fornitura\",\"Sostenibilit\u00e0 della supply chain\",\"sustainability\"],\"articleSection\":[\"Blog\"],\"inLanguage\":\"it-IT\"},{\"@type\":\"WebPage\",\"@id\":\"https:\/\/www.assent.com\/it\/blog\/comprendere-lesg-e-la-sostenibilita-il-quadro-generale\/\",\"url\":\"https:\/\/www.assent.com\/it\/blog\/comprendere-lesg-e-la-sostenibilita-il-quadro-generale\/\",\"name\":\"Comprendere l\u2019ESG e la sostenibilit\u00e0: il quadro generale | Assent\",\"isPartOf\":{\"@id\":\"https:\/\/www.assent.com\/it\/#website\"},\"primaryImageOfPage\":{\"@id\":\"https:\/\/www.assent.com\/it\/blog\/comprendere-lesg-e-la-sostenibilita-il-quadro-generale\/#primaryimage\"},\"image\":{\"@id\":\"https:\/\/www.assent.com\/it\/blog\/comprendere-lesg-e-la-sostenibilita-il-quadro-generale\/#primaryimage\"},\"thumbnailUrl\":\"https:\/\/www.assent.com\/wp-content\/uploads\/2022\/02\/Blog-Image-2022-Predictions.jpg\",\"datePublished\":\"2023-11-22T14:00:00+00:00\",\"dateModified\":\"2024-08-21T21:13:38+00:00\",\"description\":\"Quando rifletto sul panorama attuale della sostenibilit\u00e0, l\u2019ESG \u00e8 sempre al centro della conversazione.\",\"breadcrumb\":{\"@id\":\"https:\/\/www.assent.com\/it\/blog\/comprendere-lesg-e-la-sostenibilita-il-quadro-generale\/#breadcrumb\"},\"inLanguage\":\"it-IT\",\"potentialAction\":[{\"@type\":\"ReadAction\",\"target\":[\"https:\/\/www.assent.com\/it\/blog\/comprendere-lesg-e-la-sostenibilita-il-quadro-generale\/\"]}]},{\"@type\":\"ImageObject\",\"inLanguage\":\"it-IT\",\"@id\":\"https:\/\/www.assent.com\/it\/blog\/comprendere-lesg-e-la-sostenibilita-il-quadro-generale\/#primaryimage\",\"url\":\"https:\/\/www.assent.com\/wp-content\/uploads\/2022\/02\/Blog-Image-2022-Predictions.jpg\",\"contentUrl\":\"https:\/\/www.assent.com\/wp-content\/uploads\/2022\/02\/Blog-Image-2022-Predictions.jpg\",\"width\":924,\"height\":628,\"caption\":\"Workers in safety gear inspect wind turbines.\"},{\"@type\":\"BreadcrumbList\",\"@id\":\"https:\/\/www.assent.com\/it\/blog\/comprendere-lesg-e-la-sostenibilita-il-quadro-generale\/#breadcrumb\",\"itemListElement\":[{\"@type\":\"ListItem\",\"position\":1,\"name\":\"Home\",\"item\":\"https:\/\/www.assent.com\/it\/\"},{\"@type\":\"ListItem\",\"position\":2,\"name\":\"Comprendere l\u2019ESG e la sostenibilit\u00e0: il quadro generale\"}]},{\"@type\":\"WebSite\",\"@id\":\"https:\/\/www.assent.com\/it\/#website\",\"url\":\"https:\/\/www.assent.com\/it\/\",\"name\":\"Assent\",\"description\":\"\",\"publisher\":{\"@id\":\"https:\/\/www.assent.com\/it\/#organization\"},\"potentialAction\":[{\"@type\":\"SearchAction\",\"target\":{\"@type\":\"EntryPoint\",\"urlTemplate\":\"https:\/\/www.assent.com\/it\/?s={search_term_string}\"},\"query-input\":{\"@type\":\"PropertyValueSpecification\",\"valueRequired\":true,\"valueName\":\"search_term_string\"}}],\"inLanguage\":\"it-IT\"},{\"@type\":\"Organization\",\"@id\":\"https:\/\/www.assent.com\/it\/#organization\",\"name\":\"Assent\",\"url\":\"https:\/\/www.assent.com\/it\/\",\"logo\":{\"@type\":\"ImageObject\",\"inLanguage\":\"it-IT\",\"@id\":\"https:\/\/www.assent.com\/it\/#\/schema\/logo\/image\/\",\"url\":\"https:\/\/www.assent.com\/wp-content\/uploads\/2022\/01\/logo.svg\",\"contentUrl\":\"https:\/\/www.assent.com\/wp-content\/uploads\/2022\/01\/logo.svg\",\"width\":1,\"height\":1,\"caption\":\"Assent\"},\"image\":{\"@id\":\"https:\/\/www.assent.com\/it\/#\/schema\/logo\/image\/\"},\"sameAs\":[\"https:\/\/www.facebook.com\/AssentCompliance\/\",\"https:\/\/x.com\/AssentGlobal\",\"https:\/\/www.linkedin.com\/company\/assent-compliance-inc\"]},{\"@type\":\"Person\",\"@id\":\"https:\/\/www.assent.com\/it\/#\/schema\/person\/bcfd0a93ef59f2e7586b83ac60fcb8cd\",\"name\":\"Assent\",\"image\":{\"@type\":\"ImageObject\",\"inLanguage\":\"it-IT\",\"@id\":\"https:\/\/www.assent.com\/it\/#\/schema\/person\/image\/\",\"url\":\"https:\/\/secure.gravatar.com\/avatar\/fc0f4c168d3d4473714e92b1157484aa5c045c6163b2f180b7f4bc328ff960d4?s=96&d=mm&r=g\",\"contentUrl\":\"https:\/\/secure.gravatar.com\/avatar\/fc0f4c168d3d4473714e92b1157484aa5c045c6163b2f180b7f4bc328ff960d4?s=96&d=mm&r=g\",\"caption\":\"Assent\"}}]}<\/script>\n<!-- \/ Yoast SEO Premium plugin. -->","yoast_head_json":{"title":"Comprendere l\u2019ESG e la sostenibilit\u00e0: il quadro generale | Assent","description":"Quando rifletto sul panorama attuale della sostenibilit\u00e0, l\u2019ESG \u00e8 sempre al centro della conversazione.","robots":{"index":"index","follow":"follow","max-snippet":"max-snippet:-1","max-image-preview":"max-image-preview:large","max-video-preview":"max-video-preview:-1"},"canonical":"https:\/\/www.assent.com\/it\/blog\/comprendere-lesg-e-la-sostenibilita-il-quadro-generale\/","og_locale":"it_IT","og_type":"article","og_title":"Comprendere l\u2019ESG e la sostenibilit\u00e0: il quadro generale","og_description":"Quando rifletto sul panorama attuale della sostenibilit\u00e0, l\u2019ESG \u00e8 sempre al centro della conversazione.","og_url":"https:\/\/www.assent.com\/it\/blog\/comprendere-lesg-e-la-sostenibilita-il-quadro-generale\/","og_site_name":"Assent","article_publisher":"https:\/\/www.facebook.com\/AssentCompliance\/","article_published_time":"2023-11-22T14:00:00+00:00","article_modified_time":"2024-08-21T21:13:38+00:00","og_image":[{"width":924,"height":628,"url":"https:\/\/www.assent.com\/wp-content\/uploads\/2022\/02\/Blog-Image-2022-Predictions.jpg","type":"image\/jpeg"}],"author":"Assent","twitter_card":"summary_large_image","twitter_creator":"@AssentGlobal","twitter_site":"@AssentGlobal","schema":{"@context":"https:\/\/schema.org","@graph":[{"@type":"Article","@id":"https:\/\/www.assent.com\/it\/blog\/comprendere-lesg-e-la-sostenibilita-il-quadro-generale\/#article","isPartOf":{"@id":"https:\/\/www.assent.com\/it\/blog\/comprendere-lesg-e-la-sostenibilita-il-quadro-generale\/"},"author":{"name":"Assent","@id":"https:\/\/www.assent.com\/it\/#\/schema\/person\/bcfd0a93ef59f2e7586b83ac60fcb8cd"},"headline":"Comprendere l\u2019ESG e la sostenibilit\u00e0: il quadro generale","datePublished":"2023-11-22T14:00:00+00:00","dateModified":"2024-08-21T21:13:38+00:00","mainEntityOfPage":{"@id":"https:\/\/www.assent.com\/it\/blog\/comprendere-lesg-e-la-sostenibilita-il-quadro-generale\/"},"wordCount":9,"publisher":{"@id":"https:\/\/www.assent.com\/it\/#organization"},"image":{"@id":"https:\/\/www.assent.com\/it\/blog\/comprendere-lesg-e-la-sostenibilita-il-quadro-generale\/#primaryimage"},"thumbnailUrl":"https:\/\/www.assent.com\/wp-content\/uploads\/2022\/02\/Blog-Image-2022-Predictions.jpg","keywords":["ESG","Sostenibilit\u00e0 della Catena di Fornitura","Sostenibilit\u00e0 della supply chain","sustainability"],"articleSection":["Blog"],"inLanguage":"it-IT"},{"@type":"WebPage","@id":"https:\/\/www.assent.com\/it\/blog\/comprendere-lesg-e-la-sostenibilita-il-quadro-generale\/","url":"https:\/\/www.assent.com\/it\/blog\/comprendere-lesg-e-la-sostenibilita-il-quadro-generale\/","name":"Comprendere l\u2019ESG e la sostenibilit\u00e0: il quadro generale | Assent","isPartOf":{"@id":"https:\/\/www.assent.com\/it\/#website"},"primaryImageOfPage":{"@id":"https:\/\/www.assent.com\/it\/blog\/comprendere-lesg-e-la-sostenibilita-il-quadro-generale\/#primaryimage"},"image":{"@id":"https:\/\/www.assent.com\/it\/blog\/comprendere-lesg-e-la-sostenibilita-il-quadro-generale\/#primaryimage"},"thumbnailUrl":"https:\/\/www.assent.com\/wp-content\/uploads\/2022\/02\/Blog-Image-2022-Predictions.jpg","datePublished":"2023-11-22T14:00:00+00:00","dateModified":"2024-08-21T21:13:38+00:00","description":"Quando rifletto sul panorama attuale della sostenibilit\u00e0, l\u2019ESG \u00e8 sempre al centro della conversazione.","breadcrumb":{"@id":"https:\/\/www.assent.com\/it\/blog\/comprendere-lesg-e-la-sostenibilita-il-quadro-generale\/#breadcrumb"},"inLanguage":"it-IT","potentialAction":[{"@type":"ReadAction","target":["https:\/\/www.assent.com\/it\/blog\/comprendere-lesg-e-la-sostenibilita-il-quadro-generale\/"]}]},{"@type":"ImageObject","inLanguage":"it-IT","@id":"https:\/\/www.assent.com\/it\/blog\/comprendere-lesg-e-la-sostenibilita-il-quadro-generale\/#primaryimage","url":"https:\/\/www.assent.com\/wp-content\/uploads\/2022\/02\/Blog-Image-2022-Predictions.jpg","contentUrl":"https:\/\/www.assent.com\/wp-content\/uploads\/2022\/02\/Blog-Image-2022-Predictions.jpg","width":924,"height":628,"caption":"Workers in safety gear inspect wind turbines."},{"@type":"BreadcrumbList","@id":"https:\/\/www.assent.com\/it\/blog\/comprendere-lesg-e-la-sostenibilita-il-quadro-generale\/#breadcrumb","itemListElement":[{"@type":"ListItem","position":1,"name":"Home","item":"https:\/\/www.assent.com\/it\/"},{"@type":"ListItem","position":2,"name":"Comprendere l\u2019ESG e la sostenibilit\u00e0: il quadro generale"}]},{"@type":"WebSite","@id":"https:\/\/www.assent.com\/it\/#website","url":"https:\/\/www.assent.com\/it\/","name":"Assent","description":"","publisher":{"@id":"https:\/\/www.assent.com\/it\/#organization"},"potentialAction":[{"@type":"SearchAction","target":{"@type":"EntryPoint","urlTemplate":"https:\/\/www.assent.com\/it\/?s={search_term_string}"},"query-input":{"@type":"PropertyValueSpecification","valueRequired":true,"valueName":"search_term_string"}}],"inLanguage":"it-IT"},{"@type":"Organization","@id":"https:\/\/www.assent.com\/it\/#organization","name":"Assent","url":"https:\/\/www.assent.com\/it\/","logo":{"@type":"ImageObject","inLanguage":"it-IT","@id":"https:\/\/www.assent.com\/it\/#\/schema\/logo\/image\/","url":"https:\/\/www.assent.com\/wp-content\/uploads\/2022\/01\/logo.svg","contentUrl":"https:\/\/www.assent.com\/wp-content\/uploads\/2022\/01\/logo.svg","width":1,"height":1,"caption":"Assent"},"image":{"@id":"https:\/\/www.assent.com\/it\/#\/schema\/logo\/image\/"},"sameAs":["https:\/\/www.facebook.com\/AssentCompliance\/","https:\/\/x.com\/AssentGlobal","https:\/\/www.linkedin.com\/company\/assent-compliance-inc"]},{"@type":"Person","@id":"https:\/\/www.assent.com\/it\/#\/schema\/person\/bcfd0a93ef59f2e7586b83ac60fcb8cd","name":"Assent","image":{"@type":"ImageObject","inLanguage":"it-IT","@id":"https:\/\/www.assent.com\/it\/#\/schema\/person\/image\/","url":"https:\/\/secure.gravatar.com\/avatar\/fc0f4c168d3d4473714e92b1157484aa5c045c6163b2f180b7f4bc328ff960d4?s=96&d=mm&r=g","contentUrl":"https:\/\/secure.gravatar.com\/avatar\/fc0f4c168d3d4473714e92b1157484aa5c045c6163b2f180b7f4bc328ff960d4?s=96&d=mm&r=g","caption":"Assent"}}]}},"_links":{"self":[{"href":"https:\/\/www.assent.com\/it\/wp-json\/wp\/v2\/posts\/74297","targetHints":{"allow":["GET"]}}],"collection":[{"href":"https:\/\/www.assent.com\/it\/wp-json\/wp\/v2\/posts"}],"about":[{"href":"https:\/\/www.assent.com\/it\/wp-json\/wp\/v2\/types\/post"}],"author":[{"embeddable":true,"href":"https:\/\/www.assent.com\/it\/wp-json\/wp\/v2\/users\/21"}],"replies":[{"embeddable":true,"href":"https:\/\/www.assent.com\/it\/wp-json\/wp\/v2\/comments?post=74297"}],"version-history":[{"count":0,"href":"https:\/\/www.assent.com\/it\/wp-json\/wp\/v2\/posts\/74297\/revisions"}],"wp:featuredmedia":[{"embeddable":true,"href":"https:\/\/www.assent.com\/it\/wp-json\/wp\/v2\/media\/22524"}],"wp:attachment":[{"href":"https:\/\/www.assent.com\/it\/wp-json\/wp\/v2\/media?parent=74297"}],"wp:term":[{"taxonomy":"category","embeddable":true,"href":"https:\/\/www.assent.com\/it\/wp-json\/wp\/v2\/categories?post=74297"},{"taxonomy":"post_tag","embeddable":true,"href":"https:\/\/www.assent.com\/it\/wp-json\/wp\/v2\/tags?post=74297"}],"curies":[{"name":"wp","href":"https:\/\/api.w.org\/{rel}","templated":true}]}}